{"id":1025,"date":"2021-12-30T22:52:34","date_gmt":"2021-12-30T21:52:34","guid":{"rendered":"https:\/\/www.suedcon.de\/wordpress\/?p=1025"},"modified":"2021-12-30T23:24:11","modified_gmt":"2021-12-30T22:24:11","slug":"neuer-termin-suedcon-2022","status":"publish","type":"post","link":"https:\/\/www.suedcon.de\/wordpress\/neuer-termin-suedcon-2022\/","title":{"rendered":"Termin S\u00fcdcon 2022, Fotoalbum"},"content":{"rendered":"\n<p>Der reduzierte S\u00fcdcon hat sehr gut geklappt, wir danken wie immer unseren Spielern und Spielleitern sowie ganz besonders den Leuten von der Jugendherberge Wildenstein!<\/p>\n\n\n\n<p style=\"color:#900404\" class=\"has-text-color has-background has-luminous-vivid-amber-background-color\"><strong>Der Termin f\u00fcr den S\u00fcdcon 2022 wurde mit der Jugendherberge besprochen, es ist Donnerstag 24.11. bis Sonntag 27.11.2022<\/strong>.<br>Dieser Sonntag ist n\u00e4chstes Jahr dann auch wieder der 1. Advent.<\/p>\n\n\n\n<p>Wir hoffen dass es dann im n\u00e4chsten Jahr wieder mit der normalen Teilnehmerzahl klappt.<\/p>\n\n\n\n<p>Weiterhin habe ich einige Stimmungsbilder vom Sonnenuntergang am Samstag erstellt, siehe <a href=\"https:\/\/www.suedcon.de\/wordpress\/veranstaltung\/fotoalbum-suedcon-2021\/\">hier.<\/a><br>Dann w\u00fcnschen wir Euch eine sch\u00f6ne Zeit bis zum n\u00e4chsten Con und ein gutes sowie gesundes neues Jahr 2022!<\/p>\n","protected":false},"excerpt":{"rendered":"<p>Der reduzierte S\u00fcdcon hat sehr gut geklappt, wir danken wie immer unseren Spielern und Spielleitern sowie ganz besonders den Leuten von der Jugendherberge Wildenstein! Der Termin f\u00fcr den S\u00fcdcon 2022 wurde mit der Jugendherberge besprochen, es ist Donnerstag 24.11. bis &hellip; <a href=\"https:\/\/www.suedcon.de\/wordpress\/neuer-termin-suedcon-2022\/\">Weiterlesen <span class=\"meta-nav\">&rarr;<\/span><\/a><\/p>\n","protected":false},"author":5,"featured_media":0,"comment_status":"closed","ping_status":"open","sticky":false,"template":"","format":"standard","meta":[],"categories":[1],"tags":[17,18],"_links":{"self":[{"href":"https:\/\/www.suedcon.de\/wordpress\/wp-json\/wp\/v2\/posts\/1025"}],"collection":[{"href":"https:\/\/www.suedcon.de\/wordpress\/wp-json\/wp\/v2\/posts"}],"about":[{"href":"https:\/\/www.suedcon.de\/wordpress\/wp-json\/wp\/v2\/types\/post"}],"author":[{"embeddable":true,"href":"https:\/\/www.suedcon.de\/wordpress\/wp-json\/wp\/v2\/users\/5"}],"replies":[{"embeddable":true,"href":"https:\/\/www.suedcon.de\/wordpress\/wp-json\/wp\/v2\/comments?post=1025"}],"version-history":[{"count":4,"href":"https:\/\/www.suedcon.de\/wordpress\/wp-json\/wp\/v2\/posts\/1025\/revisions"}],"predecessor-version":[{"id":1045,"href":"https:\/\/www.suedcon.de\/wordpress\/wp-json\/wp\/v2\/posts\/1025\/revisions\/1045"}],"wp:attachment":[{"href":"https:\/\/www.suedcon.de\/wordpress\/wp-json\/wp\/v2\/media?parent=1025"}],"wp:term":[{"taxonomy":"category","embeddable":true,"href":"https:\/\/www.suedcon.de\/wordpress\/wp-json\/wp\/v2\/categories?post=1025"},{"taxonomy":"post_tag","embeddable":true,"href":"https:\/\/www.suedcon.de\/wordpress\/wp-json\/wp\/v2\/tags?post=1025"}],"curies":[{"name":"wp","href":"https:\/\/api.w.org\/{rel}","templated":true}]}}