{"id":1088,"date":"2022-12-24T00:49:51","date_gmt":"2022-12-23T23:49:51","guid":{"rendered":"https:\/\/www.suedcon.de\/wordpress\/?p=1088"},"modified":"2022-12-24T00:49:51","modified_gmt":"2022-12-23T23:49:51","slug":"termin-suedcon-2023","status":"publish","type":"post","link":"https:\/\/www.suedcon.de\/wordpress\/termin-suedcon-2023\/","title":{"rendered":"Termin S\u00fcdcon 2023"},"content":{"rendered":"\n<p>Indessen haben wir mit der JuHe Wildenstein den Termin f\u00fcr das n\u00e4chstes Jahr vereinbart:<\/p>\n\n\n\n<p style=\"font-size:18px\" class=\"has-background has-vivid-green-cyan-background-color\"><strong>Es wird der Donnerstag 23.11. bis Sonntag 26.11.2023 sein.<\/strong><\/p>\n\n\n\n<p>Da der 1. Advent n\u00e4chstes Jahr erst auf den 03.12. f\u00e4llt sind wir diesmal in Bezug dazu fr\u00fcher dran. <\/p>\n\n\n\n<p>Wir w\u00fcnschen Euch alle (gerade noch rechtzeitig) sch\u00f6ne Weihnachten und einen guten Rutsch ins neue Jahr!<\/p>\n\n\n\n<p>Bleibt gesund &#8211; Euer Team vom S\u00fcdcon<\/p>\n\n\n\n<p><br><\/p>\n","protected":false},"excerpt":{"rendered":"<p>Indessen haben wir mit der JuHe Wildenstein den Termin f\u00fcr das n\u00e4chstes Jahr vereinbart: Es wird der Donnerstag 23.11. bis Sonntag 26.11.2023 sein. Da der 1. Advent n\u00e4chstes Jahr erst auf den 03.12. f\u00e4llt sind wir diesmal in Bezug dazu &hellip; <a href=\"https:\/\/www.suedcon.de\/wordpress\/termin-suedcon-2023\/\">Weiterlesen <span class=\"meta-nav\">&rarr;<\/span><\/a><\/p>\n","protected":false},"author":5,"featured_media":0,"comment_status":"closed","ping_status":"open","sticky":false,"template":"","format":"standard","meta":[],"categories":[1],"tags":[22],"_links":{"self":[{"href":"https:\/\/www.suedcon.de\/wordpress\/wp-json\/wp\/v2\/posts\/1088"}],"collection":[{"href":"https:\/\/www.suedcon.de\/wordpress\/wp-json\/wp\/v2\/posts"}],"about":[{"href":"https:\/\/www.suedcon.de\/wordpress\/wp-json\/wp\/v2\/types\/post"}],"author":[{"embeddable":true,"href":"https:\/\/www.suedcon.de\/wordpress\/wp-json\/wp\/v2\/users\/5"}],"replies":[{"embeddable":true,"href":"https:\/\/www.suedcon.de\/wordpress\/wp-json\/wp\/v2\/comments?post=1088"}],"version-history":[{"count":6,"href":"https:\/\/www.suedcon.de\/wordpress\/wp-json\/wp\/v2\/posts\/1088\/revisions"}],"predecessor-version":[{"id":1094,"href":"https:\/\/www.suedcon.de\/wordpress\/wp-json\/wp\/v2\/posts\/1088\/revisions\/1094"}],"wp:attachment":[{"href":"https:\/\/www.suedcon.de\/wordpress\/wp-json\/wp\/v2\/media?parent=1088"}],"wp:term":[{"taxonomy":"category","embeddable":true,"href":"https:\/\/www.suedcon.de\/wordpress\/wp-json\/wp\/v2\/categories?post=1088"},{"taxonomy":"post_tag","embeddable":true,"href":"https:\/\/www.suedcon.de\/wordpress\/wp-json\/wp\/v2\/tags?post=1088"}],"curies":[{"name":"wp","href":"https:\/\/api.w.org\/{rel}","templated":true}]}}