{"id":1178,"date":"2024-11-27T01:24:07","date_gmt":"2024-11-27T00:24:07","guid":{"rendered":"https:\/\/www.suedcon.de\/wordpress\/?p=1178"},"modified":"2024-12-03T21:43:19","modified_gmt":"2024-12-03T20:43:19","slug":"suedcon-2023-danke-2","status":"publish","type":"post","link":"https:\/\/www.suedcon.de\/wordpress\/suedcon-2023-danke-2\/","title":{"rendered":"S\u00fcdcon 2024 &#8211; Danke Euch! Termin 2025"},"content":{"rendered":"\n<p>Letztes Jahr hatte ich hier geschrieben &#8222;so einen Schnee hatten wir schon viele Jahre nicht mehr&#8220;, nun, dieses Jahr war eher noch ver\u00fcckter als 2023. Das Schneechaos am Donnerstag Abend hat zwar nur einen Teil der Leute betroffen, die noch bei der Anreise waren, aber diese um so mehr. Zum Gl\u00fcck ist dann doch jeder (soweit ich wei\u00df) irgendwann heil angekommen. Das Wetter war dann aber Freitag und Samstag sehr stimmungsvoll.<\/p>\n\n\n\n<p>Das der Aufzug nicht recht lief war f\u00fcr den Aufbau am Mittwoch Abend und Donnerstag Morgen nicht so gut, am Sonntag konnten wir Eure rasche Hilfe beim Kisten-Schleppen sehr gut brauchen &#8211; <strong>daf\u00fcr wieder ganz herzlichen Dank!<\/strong><\/p>\n\n\n\n<p>Auch dieses Jahr hatten wir sch\u00f6ne Abenteuer und viele gute Unterhaltungen, ich hoffe da kann ich nicht nur f\u00fcr das ganze Team sondern f\u00fcr alle Teilnehmer sprechen! Und vielen Dank f\u00fcr Euer nettes Feedback &#8211; das gibt uns die Energie, die wir f\u00fcr das kommende Jahr gut brauchen k\u00f6nnen!<\/p>\n\n\n\n<p class=\"has-light-gray-background-color has-background\" style=\"font-size:18px\"><em><mark style=\"background-color:rgba(0, 0, 0, 0)\" class=\"has-inline-color has-blue-color\">Den Termin f\u00fcr den 25. S\u00fcdcon haben wir auch schon geplant, es wird der <em>Donnerstag<\/em><\/mark><\/em> <em><mark style=\"background-color:rgba(0, 0, 0, 0)\" class=\"has-inline-color has-blue-color\">20.11. bzw. Freitag 21.11. bis Sonntag 23.11.2025 sein<\/mark>.<\/em><\/p>\n\n\n\n<p>Bis dahin eine gute Zeit, frohe Festtage und bleibt gesund!<\/p>\n","protected":false},"excerpt":{"rendered":"<p>Letztes Jahr hatte ich hier geschrieben &#8222;so einen Schnee hatten wir schon viele Jahre nicht mehr&#8220;, nun, dieses Jahr war eher noch ver\u00fcckter als 2023. Das Schneechaos am Donnerstag Abend hat zwar nur einen Teil der Leute betroffen, die noch &hellip; <a href=\"https:\/\/www.suedcon.de\/wordpress\/suedcon-2023-danke-2\/\">Weiterlesen <span class=\"meta-nav\">&rarr;<\/span><\/a><\/p>\n","protected":false},"author":5,"featured_media":0,"comment_status":"closed","ping_status":"open","sticky":false,"template":"","format":"standard","meta":[],"categories":[1],"tags":[25,26,18],"_links":{"self":[{"href":"https:\/\/www.suedcon.de\/wordpress\/wp-json\/wp\/v2\/posts\/1178"}],"collection":[{"href":"https:\/\/www.suedcon.de\/wordpress\/wp-json\/wp\/v2\/posts"}],"about":[{"href":"https:\/\/www.suedcon.de\/wordpress\/wp-json\/wp\/v2\/types\/post"}],"author":[{"embeddable":true,"href":"https:\/\/www.suedcon.de\/wordpress\/wp-json\/wp\/v2\/users\/5"}],"replies":[{"embeddable":true,"href":"https:\/\/www.suedcon.de\/wordpress\/wp-json\/wp\/v2\/comments?post=1178"}],"version-history":[{"count":8,"href":"https:\/\/www.suedcon.de\/wordpress\/wp-json\/wp\/v2\/posts\/1178\/revisions"}],"predecessor-version":[{"id":1188,"href":"https:\/\/www.suedcon.de\/wordpress\/wp-json\/wp\/v2\/posts\/1178\/revisions\/1188"}],"wp:attachment":[{"href":"https:\/\/www.suedcon.de\/wordpress\/wp-json\/wp\/v2\/media?parent=1178"}],"wp:term":[{"taxonomy":"category","embeddable":true,"href":"https:\/\/www.suedcon.de\/wordpress\/wp-json\/wp\/v2\/categories?post=1178"},{"taxonomy":"post_tag","embeddable":true,"href":"https:\/\/www.suedcon.de\/wordpress\/wp-json\/wp\/v2\/tags?post=1178"}],"curies":[{"name":"wp","href":"https:\/\/api.w.org\/{rel}","templated":true}]}}