{"id":329,"date":"2015-11-11T21:21:11","date_gmt":"2015-11-11T20:21:11","guid":{"rendered":"http:\/\/www.suedcon.de\/wordpress\/?p=329"},"modified":"2015-11-11T21:22:44","modified_gmt":"2015-11-11T20:22:44","slug":"die-letzten-platze-sind-zu-vergeben","status":"publish","type":"post","link":"https:\/\/www.suedcon.de\/wordpress\/die-letzten-platze-sind-zu-vergeben\/","title":{"rendered":"Die letzten Pl\u00e4tze sind zu vergeben!"},"content":{"rendered":"<p>Es freut uns Euch mitzuteilen, dass indessen schon \u00fcber 100 Anmeldungen eingegangen sind! Also nicht mehr lange z\u00f6gern, wenn Ihr noch einen Platz ergattern wollt!<\/p>\n<p>Wir freuen uns schon sehr auf den Con, bis dahin,<\/p>\n<p>euer Orga-Team<\/p>\n<p>&nbsp;<\/p>\n","protected":false},"excerpt":{"rendered":"<p>Es freut uns Euch mitzuteilen, dass indessen schon \u00fcber 100 Anmeldungen eingegangen sind! Also nicht mehr lange z\u00f6gern, wenn Ihr noch einen Platz ergattern wollt! Wir freuen uns schon sehr auf den Con, bis dahin, euer Orga-Team &nbsp;<\/p>\n","protected":false},"author":5,"featured_media":0,"comment_status":"closed","ping_status":"open","sticky":false,"template":"","format":"standard","meta":[],"categories":[1],"tags":[],"_links":{"self":[{"href":"https:\/\/www.suedcon.de\/wordpress\/wp-json\/wp\/v2\/posts\/329"}],"collection":[{"href":"https:\/\/www.suedcon.de\/wordpress\/wp-json\/wp\/v2\/posts"}],"about":[{"href":"https:\/\/www.suedcon.de\/wordpress\/wp-json\/wp\/v2\/types\/post"}],"author":[{"embeddable":true,"href":"https:\/\/www.suedcon.de\/wordpress\/wp-json\/wp\/v2\/users\/5"}],"replies":[{"embeddable":true,"href":"https:\/\/www.suedcon.de\/wordpress\/wp-json\/wp\/v2\/comments?post=329"}],"version-history":[{"count":3,"href":"https:\/\/www.suedcon.de\/wordpress\/wp-json\/wp\/v2\/posts\/329\/revisions"}],"predecessor-version":[{"id":332,"href":"https:\/\/www.suedcon.de\/wordpress\/wp-json\/wp\/v2\/posts\/329\/revisions\/332"}],"wp:attachment":[{"href":"https:\/\/www.suedcon.de\/wordpress\/wp-json\/wp\/v2\/media?parent=329"}],"wp:term":[{"taxonomy":"category","embeddable":true,"href":"https:\/\/www.suedcon.de\/wordpress\/wp-json\/wp\/v2\/categories?post=329"},{"taxonomy":"post_tag","embeddable":true,"href":"https:\/\/www.suedcon.de\/wordpress\/wp-json\/wp\/v2\/tags?post=329"}],"curies":[{"name":"wp","href":"https:\/\/api.w.org\/{rel}","templated":true}]}}