{"id":465,"date":"2016-08-30T18:41:19","date_gmt":"2016-08-30T16:41:19","guid":{"rendered":"http:\/\/www.suedcon.de\/wordpress\/?p=465"},"modified":"2016-08-30T18:41:19","modified_gmt":"2016-08-30T16:41:19","slug":"die-anmeldung-zum-16-suedcon-hat-begonnen","status":"publish","type":"post","link":"https:\/\/www.suedcon.de\/wordpress\/die-anmeldung-zum-16-suedcon-hat-begonnen\/","title":{"rendered":"Die Anmeldung zum 16. S\u00fcdcon hat begonnen"},"content":{"rendered":"<p>Die Einladungen zum 16. Midgard S\u00fcdcon sind verschickt. Ab sofort k\u00f6nnt ihr euch f\u00fcr den S\u00fcdcon anmelden. Wie auch schon in den letzten Jahren gibt es eine Fr\u00fchanreiseoption. Der Con findet vom 24. bzw. 25. November bis 27. November statt. Dies ist das erste Adventswochenende.<\/p>\n<p>Was ihr tun m\u00fcsst, um euch erfolgreich anzumelden, ist in der Einladungsmail genau beschrieben. Wer keine Einladung erhalten hat, tr\u00e4gt sich bitte in unseren <a href=\"http:\/\/www.suedcon.de\/wordpress\/der-midgard-suedcon-2016-mit-verlaengerungsoption\/\" target=\"_blank\">Newsletter<\/a> ein und erh\u00e4lt nach erfolgreicher Best\u00e4tigung automatisch eine Einladung zugesendet.<\/p>\n<p>Alle weiteren Informationen sowie aktuelle News findet ihr k\u00fcnftig auf dieser Seite.<\/p>\n","protected":false},"excerpt":{"rendered":"<p>Die Einladungen zum 16. Midgard S\u00fcdcon sind verschickt. Ab sofort k\u00f6nnt ihr euch f\u00fcr den S\u00fcdcon anmelden. Wie auch schon in den letzten Jahren gibt es eine Fr\u00fchanreiseoption. Der Con findet vom 24. bzw. 25. November bis 27. November statt. &hellip; <a href=\"https:\/\/www.suedcon.de\/wordpress\/die-anmeldung-zum-16-suedcon-hat-begonnen\/\">Weiterlesen <span class=\"meta-nav\">&rarr;<\/span><\/a><\/p>\n","protected":false},"author":1,"featured_media":0,"comment_status":"closed","ping_status":"open","sticky":false,"template":"","format":"standard","meta":[],"categories":[1],"tags":[6],"_links":{"self":[{"href":"https:\/\/www.suedcon.de\/wordpress\/wp-json\/wp\/v2\/posts\/465"}],"collection":[{"href":"https:\/\/www.suedcon.de\/wordpress\/wp-json\/wp\/v2\/posts"}],"about":[{"href":"https:\/\/www.suedcon.de\/wordpress\/wp-json\/wp\/v2\/types\/post"}],"author":[{"embeddable":true,"href":"https:\/\/www.suedcon.de\/wordpress\/wp-json\/wp\/v2\/users\/1"}],"replies":[{"embeddable":true,"href":"https:\/\/www.suedcon.de\/wordpress\/wp-json\/wp\/v2\/comments?post=465"}],"version-history":[{"count":1,"href":"https:\/\/www.suedcon.de\/wordpress\/wp-json\/wp\/v2\/posts\/465\/revisions"}],"predecessor-version":[{"id":466,"href":"https:\/\/www.suedcon.de\/wordpress\/wp-json\/wp\/v2\/posts\/465\/revisions\/466"}],"wp:attachment":[{"href":"https:\/\/www.suedcon.de\/wordpress\/wp-json\/wp\/v2\/media?parent=465"}],"wp:term":[{"taxonomy":"category","embeddable":true,"href":"https:\/\/www.suedcon.de\/wordpress\/wp-json\/wp\/v2\/categories?post=465"},{"taxonomy":"post_tag","embeddable":true,"href":"https:\/\/www.suedcon.de\/wordpress\/wp-json\/wp\/v2\/tags?post=465"}],"curies":[{"name":"wp","href":"https:\/\/api.w.org\/{rel}","templated":true}]}}