{"id":897,"date":"2019-12-01T21:45:05","date_gmt":"2019-12-01T20:45:05","guid":{"rendered":"https:\/\/www.suedcon.de\/wordpress\/?p=897"},"modified":"2019-12-01T21:45:05","modified_gmt":"2019-12-01T20:45:05","slug":"termin-suedcon-2018-2-2","status":"publish","type":"post","link":"https:\/\/www.suedcon.de\/wordpress\/termin-suedcon-2018-2-2\/","title":{"rendered":"Termin S\u00fcdcon 2020"},"content":{"rendered":"<p>Auch dieses Jahr hatten wir wieder einen sehr gelungenen S\u00fcdcon 2019! Erneut m\u00f6chten wir den Teilnehmern ganz herzlichen Dank sagen, ebenso f\u00fcr Eure Hilfe und Unterst\u00fctzung!<\/p>\n<p>Weiterhin freut es uns den S\u00fcdcon 2020 ank\u00fcndigen zu k\u00f6nnen &#8211; es wird im kommenden Jahr das <em>1. Advent Wochenende<\/em> werden:<\/p>\n<p style=\"font-size: 130%; text-align: center;\"><span style=\"color: #99cc00;\"><strong>Das Datum ist Freitag der 27.11. bis Sonntag der 29.11.,<br \/>\nmit Fr\u00fchanreise am Donnerstag 26.11.2020<\/strong><\/span><\/p>\n<p>Auch der S\u00fcdcon 2020 wird wieder auf Wildenstein stattfinden, die Einladungen werden voraussichtlich wie immer gegen Ende August verschickt.<br \/>\nBis dahin frohe Festtage, eine sch\u00f6ne Zeit und viele Gr\u00fc\u00dfe vom Orga-Team!<\/p>\n","protected":false},"excerpt":{"rendered":"<p>Auch dieses Jahr hatten wir wieder einen sehr gelungenen S\u00fcdcon 2019! Erneut m\u00f6chten wir den Teilnehmern ganz herzlichen Dank sagen, ebenso f\u00fcr Eure Hilfe und Unterst\u00fctzung! Weiterhin freut es uns den S\u00fcdcon 2020 ank\u00fcndigen zu k\u00f6nnen &#8211; es wird im &hellip; <a href=\"https:\/\/www.suedcon.de\/wordpress\/termin-suedcon-2018-2-2\/\">Weiterlesen <span class=\"meta-nav\">&rarr;<\/span><\/a><\/p>\n","protected":false},"author":5,"featured_media":0,"comment_status":"closed","ping_status":"open","sticky":false,"template":"","format":"standard","meta":[],"categories":[1],"tags":[],"_links":{"self":[{"href":"https:\/\/www.suedcon.de\/wordpress\/wp-json\/wp\/v2\/posts\/897"}],"collection":[{"href":"https:\/\/www.suedcon.de\/wordpress\/wp-json\/wp\/v2\/posts"}],"about":[{"href":"https:\/\/www.suedcon.de\/wordpress\/wp-json\/wp\/v2\/types\/post"}],"author":[{"embeddable":true,"href":"https:\/\/www.suedcon.de\/wordpress\/wp-json\/wp\/v2\/users\/5"}],"replies":[{"embeddable":true,"href":"https:\/\/www.suedcon.de\/wordpress\/wp-json\/wp\/v2\/comments?post=897"}],"version-history":[{"count":2,"href":"https:\/\/www.suedcon.de\/wordpress\/wp-json\/wp\/v2\/posts\/897\/revisions"}],"predecessor-version":[{"id":1061,"href":"https:\/\/www.suedcon.de\/wordpress\/wp-json\/wp\/v2\/posts\/897\/revisions\/1061"}],"wp:attachment":[{"href":"https:\/\/www.suedcon.de\/wordpress\/wp-json\/wp\/v2\/media?parent=897"}],"wp:term":[{"taxonomy":"category","embeddable":true,"href":"https:\/\/www.suedcon.de\/wordpress\/wp-json\/wp\/v2\/categories?post=897"},{"taxonomy":"post_tag","embeddable":true,"href":"https:\/\/www.suedcon.de\/wordpress\/wp-json\/wp\/v2\/tags?post=897"}],"curies":[{"name":"wp","href":"https:\/\/api.w.org\/{rel}","templated":true}]}}